{"id":2221,"date":"2025-11-10T10:18:05","date_gmt":"2025-11-10T09:18:05","guid":{"rendered":"https:\/\/www.noamfestival.it\/?p=2221"},"modified":"2025-12-30T10:23:29","modified_gmt":"2025-12-30T09:23:29","slug":"noam-youth-giovani-protagonisti","status":"publish","type":"post","link":"https:\/\/www.noamfestival.it\/en\/2025\/11\/noam-youth-giovani-protagonisti\/","title":{"rendered":"NOAM Youth: i giovani protagonisti di un nuovo sguardo sul cinema"},"content":{"rendered":"<p><strong>NOAM Youth: i giovani protagonisti di un nuovo sguardo sul cinema<\/strong><\/p>\n<p>L\u2019associazione Filmeeting APS prosegue il suo impegno nella promozione della cultura cinematografica giovanile con il progetto NOAM Youth, cofinanziato dal Programma Erasmus+ e dall\u2019Agenzia Italiana per la Giovent\u00f9. Dopo mesi di formazione, incontri e attivit\u00e0 creative, il percorso entra ora nella sua fase finale, culminando nella partecipazione al NOAM Festival, che si terr\u00e0 a Faenza dal 12 al 16 novembre 2025.<\/p>\n<p>All\u2019interno della manifestazione nascer\u00e0 una sezione parallela: &#8220;NOAM YOUTH&#8221;. Questa nuova sezione offrir\u00e0 una programmazione cinematografica pensata da loro, includendo cortometraggi selezionati e contenuti che riflettono una visione fresca e contemporanea del cinema, capace di dialogare con le nuove generazioni.<\/p>\n<p>Nel corso del progetto, le ragazze e i ragazzi coinvolti hanno partecipato a laboratori di educazione audiovisiva, critica cinematografica, videomaking e organizzazione di eventi culturali, approfondendo il linguaggio del cinema e imparando a utilizzarlo come strumento di espressione e riflessione. Tra le attivit\u00e0 principali, i partecipanti hanno realizzato una serie di mini-video per i social, raccontando con creativit\u00e0 le tappe del loro percorso e le proprie esperienze all\u2019interno del progetto.<\/p>\n<p>Le testimonianze dei giovani partecipanti raccontano il valore umano e formativo di questa esperienza:<\/p>\n<p>\u201cIl progetto NOAM Youth per me \u00e8 stata un\u2019esperienza stimolante: mi ha dato la possibilit\u00e0 di conoscere il mondo del cinema in modo pi\u00f9 approfondito, grazie alle lezioni di teoria e critica cinematografica, andando oltre la semplice visione dei film e imparando a leggerli con uno sguardo pi\u00f9 razionale e consapevole; mi ha permesso di scoprire e valorizzare il mio lato pi\u00f9 creativo, attraverso l\u2019apprendimento delle basi del videomaking e la partecipazione all\u2019organizzazione di un festival.<br \/>\nUna delle cose che ho apprezzato di pi\u00f9 \u00e8 stato poter lavorare con docenti giovani, preparati e appassionati, che ci hanno guidati con entusiasmo e disponibilit\u00e0. Anche il gruppo di partecipanti che si \u00e8 formato \u00e8 stato un punto di forza: ragazze e ragazzi molto diversi, per et\u00e0, interessi e background, ma con una passione comune che ci ha uniti e ci ha permesso di collaborare, confrontarci e creare insieme un percorso autentico e significativo.\u201d<br \/>\n\u2014 <em>Cecilia Liverani<\/em><\/p>\n<p>\u201cCiao, sono Marta, ho 18 anni e quest\u2019anno ho partecipato a NOAM Youth. \u00c8 stato un progetto molto stimolante e coinvolgente: durante il percorso ho potuto apprendere le varie fasi della realizzazione di un film, cimentarmi nella critica cinematografica e contribuire all\u2019organizzazione di un festival. \u00c8 stato un percorso lungo, divertente e ricco di esperienze utili per il mio futuro.\u201d<br \/>\n\u2014 <em>Marta Casanova<\/em><\/p>\n<p>Con il progetto NOAM Youth, Filmeeting APS conferma la propria missione di promuovere la partecipazione giovanile e l\u2019educazione cinematografica come strumenti di crescita personale e collettiva. Un\u2019occasione per dare voce a una nuova generazione di spettatori e creatori di cultura.<\/p>\n","protected":false},"excerpt":{"rendered":"<p>NOAM Youth: i giovani protagonisti di un nuovo sguardo sul  [&#8230;]<\/p>\n","protected":false},"author":6,"featured_media":2222,"comment_status":"closed","ping_status":"closed","sticky":false,"template":"","format":"standard","meta":{"_acf_changed":false,"footnotes":""},"categories":[35],"tags":[],"class_list":["post-2221","post","type-post","status-publish","format-standard","has-post-thumbnail","hentry","category-noam-youth"],"acf":[],"yoast_head":"<!-- This site is optimized with the Yoast SEO plugin v27.5 - https:\/\/yoast.com\/product\/yoast-seo-wordpress\/ -->\n<title>NOAM Youth: i giovani protagonisti di un nuovo sguardo sul cinema - NOAM Festival<\/title>\n<meta name=\"robots\" content=\"index, follow, max-snippet:-1, max-image-preview:large, max-video-preview:-1\" \/>\n<link rel=\"canonical\" href=\"https:\/\/www.noamfestival.it\/en\/2025\/11\/noam-youth-giovani-protagonisti\/\" \/>\n<meta property=\"og:locale\" content=\"en_US\" \/>\n<meta property=\"og:type\" content=\"article\" \/>\n<meta property=\"og:title\" content=\"NOAM Youth: i giovani protagonisti di un nuovo sguardo sul cinema - NOAM Festival\" \/>\n<meta property=\"og:description\" content=\"NOAM Youth: i giovani protagonisti di un nuovo sguardo sul [...]\" \/>\n<meta property=\"og:url\" content=\"https:\/\/www.noamfestival.it\/en\/2025\/11\/noam-youth-giovani-protagonisti\/\" \/>\n<meta property=\"og:site_name\" content=\"NOAM Festival\" \/>\n<meta property=\"article:publisher\" content=\"https:\/\/www.facebook.com\/filmeeting\" \/>\n<meta property=\"article:published_time\" content=\"2025-11-10T09:18:05+00:00\" \/>\n<meta property=\"article:modified_time\" content=\"2025-12-30T09:23:29+00:00\" \/>\n<meta property=\"og:image\" content=\"https:\/\/www.noamfestival.it\/wp-content\/uploads\/2025\/12\/ANTEPRIMA-SITO-13.png\" \/>\n\t<meta property=\"og:image:width\" content=\"1430\" \/>\n\t<meta property=\"og:image:height\" content=\"1430\" \/>\n\t<meta property=\"og:image:type\" content=\"image\/png\" \/>\n<meta name=\"author\" content=\"silvia-s\" \/>\n<meta name=\"twitter:card\" content=\"summary_large_image\" \/>\n<meta name=\"twitter:label1\" content=\"Written by\" \/>\n\t<meta name=\"twitter:data1\" content=\"silvia-s\" \/>\n\t<meta name=\"twitter:label2\" content=\"Est. reading time\" \/>\n\t<meta name=\"twitter:data2\" content=\"2 minutes\" \/>\n<script type=\"application\/ld+json\" class=\"yoast-schema-graph\">{\"@context\":\"https:\\\/\\\/schema.org\",\"@graph\":[{\"@type\":\"Article\",\"@id\":\"https:\\\/\\\/www.noamfestival.it\\\/en\\\/2025\\\/11\\\/noam-youth-giovani-protagonisti\\\/#article\",\"isPartOf\":{\"@id\":\"https:\\\/\\\/www.noamfestival.it\\\/en\\\/2025\\\/11\\\/noam-youth-giovani-protagonisti\\\/\"},\"author\":{\"name\":\"silvia-s\",\"@id\":\"https:\\\/\\\/www.noamfestival.it\\\/en\\\/#\\\/schema\\\/person\\\/e7748f618f406038dada53edb6f6c18f\"},\"headline\":\"NOAM Youth: i giovani protagonisti di un nuovo sguardo sul cinema\",\"datePublished\":\"2025-11-10T09:18:05+00:00\",\"dateModified\":\"2025-12-30T09:23:29+00:00\",\"mainEntityOfPage\":{\"@id\":\"https:\\\/\\\/www.noamfestival.it\\\/en\\\/2025\\\/11\\\/noam-youth-giovani-protagonisti\\\/\"},\"wordCount\":463,\"image\":{\"@id\":\"https:\\\/\\\/www.noamfestival.it\\\/en\\\/2025\\\/11\\\/noam-youth-giovani-protagonisti\\\/#primaryimage\"},\"thumbnailUrl\":\"https:\\\/\\\/www.noamfestival.it\\\/wp-content\\\/uploads\\\/2025\\\/12\\\/ANTEPRIMA-SITO-13.png\",\"articleSection\":[\"NOAM YOUTH\"],\"inLanguage\":\"en-US\"},{\"@type\":\"WebPage\",\"@id\":\"https:\\\/\\\/www.noamfestival.it\\\/en\\\/2025\\\/11\\\/noam-youth-giovani-protagonisti\\\/\",\"url\":\"https:\\\/\\\/www.noamfestival.it\\\/en\\\/2025\\\/11\\\/noam-youth-giovani-protagonisti\\\/\",\"name\":\"NOAM Youth: i giovani protagonisti di un nuovo sguardo sul cinema - NOAM Festival\",\"isPartOf\":{\"@id\":\"https:\\\/\\\/www.noamfestival.it\\\/en\\\/#website\"},\"primaryImageOfPage\":{\"@id\":\"https:\\\/\\\/www.noamfestival.it\\\/en\\\/2025\\\/11\\\/noam-youth-giovani-protagonisti\\\/#primaryimage\"},\"image\":{\"@id\":\"https:\\\/\\\/www.noamfestival.it\\\/en\\\/2025\\\/11\\\/noam-youth-giovani-protagonisti\\\/#primaryimage\"},\"thumbnailUrl\":\"https:\\\/\\\/www.noamfestival.it\\\/wp-content\\\/uploads\\\/2025\\\/12\\\/ANTEPRIMA-SITO-13.png\",\"datePublished\":\"2025-11-10T09:18:05+00:00\",\"dateModified\":\"2025-12-30T09:23:29+00:00\",\"author\":{\"@id\":\"https:\\\/\\\/www.noamfestival.it\\\/en\\\/#\\\/schema\\\/person\\\/e7748f618f406038dada53edb6f6c18f\"},\"breadcrumb\":{\"@id\":\"https:\\\/\\\/www.noamfestival.it\\\/en\\\/2025\\\/11\\\/noam-youth-giovani-protagonisti\\\/#breadcrumb\"},\"inLanguage\":\"en-US\",\"potentialAction\":[{\"@type\":\"ReadAction\",\"target\":[\"https:\\\/\\\/www.noamfestival.it\\\/en\\\/2025\\\/11\\\/noam-youth-giovani-protagonisti\\\/\"]}]},{\"@type\":\"ImageObject\",\"inLanguage\":\"en-US\",\"@id\":\"https:\\\/\\\/www.noamfestival.it\\\/en\\\/2025\\\/11\\\/noam-youth-giovani-protagonisti\\\/#primaryimage\",\"url\":\"https:\\\/\\\/www.noamfestival.it\\\/wp-content\\\/uploads\\\/2025\\\/12\\\/ANTEPRIMA-SITO-13.png\",\"contentUrl\":\"https:\\\/\\\/www.noamfestival.it\\\/wp-content\\\/uploads\\\/2025\\\/12\\\/ANTEPRIMA-SITO-13.png\",\"width\":1430,\"height\":1430},{\"@type\":\"BreadcrumbList\",\"@id\":\"https:\\\/\\\/www.noamfestival.it\\\/en\\\/2025\\\/11\\\/noam-youth-giovani-protagonisti\\\/#breadcrumb\",\"itemListElement\":[{\"@type\":\"ListItem\",\"position\":1,\"name\":\"Home\",\"item\":\"https:\\\/\\\/www.noamfestival.it\\\/en\\\/noam-faenza-film-festival\\\/\"},{\"@type\":\"ListItem\",\"position\":2,\"name\":\"NOAM Youth: i giovani protagonisti di un nuovo sguardo sul cinema\"}]},{\"@type\":\"WebSite\",\"@id\":\"https:\\\/\\\/www.noamfestival.it\\\/en\\\/#website\",\"url\":\"https:\\\/\\\/www.noamfestival.it\\\/en\\\/\",\"name\":\"NOAM Festival\",\"description\":\"NOAM Faenza Film Festival\",\"potentialAction\":[{\"@type\":\"SearchAction\",\"target\":{\"@type\":\"EntryPoint\",\"urlTemplate\":\"https:\\\/\\\/www.noamfestival.it\\\/en\\\/?s={search_term_string}\"},\"query-input\":{\"@type\":\"PropertyValueSpecification\",\"valueRequired\":true,\"valueName\":\"search_term_string\"}}],\"inLanguage\":\"en-US\"},{\"@type\":\"Person\",\"@id\":\"https:\\\/\\\/www.noamfestival.it\\\/en\\\/#\\\/schema\\\/person\\\/e7748f618f406038dada53edb6f6c18f\",\"name\":\"silvia-s\"}]}<\/script>\n<!-- \/ Yoast SEO plugin. -->","yoast_head_json":{"title":"NOAM Youth: i giovani protagonisti di un nuovo sguardo sul cinema - NOAM Festival","robots":{"index":"index","follow":"follow","max-snippet":"max-snippet:-1","max-image-preview":"max-image-preview:large","max-video-preview":"max-video-preview:-1"},"canonical":"https:\/\/www.noamfestival.it\/en\/2025\/11\/noam-youth-giovani-protagonisti\/","og_locale":"en_US","og_type":"article","og_title":"NOAM Youth: i giovani protagonisti di un nuovo sguardo sul cinema - NOAM Festival","og_description":"NOAM Youth: i giovani protagonisti di un nuovo sguardo sul [...]","og_url":"https:\/\/www.noamfestival.it\/en\/2025\/11\/noam-youth-giovani-protagonisti\/","og_site_name":"NOAM Festival","article_publisher":"https:\/\/www.facebook.com\/filmeeting","article_published_time":"2025-11-10T09:18:05+00:00","article_modified_time":"2025-12-30T09:23:29+00:00","og_image":[{"width":1430,"height":1430,"url":"https:\/\/www.noamfestival.it\/wp-content\/uploads\/2025\/12\/ANTEPRIMA-SITO-13.png","type":"image\/png"}],"author":"silvia-s","twitter_card":"summary_large_image","twitter_misc":{"Written by":"silvia-s","Est. reading time":"2 minutes"},"schema":{"@context":"https:\/\/schema.org","@graph":[{"@type":"Article","@id":"https:\/\/www.noamfestival.it\/en\/2025\/11\/noam-youth-giovani-protagonisti\/#article","isPartOf":{"@id":"https:\/\/www.noamfestival.it\/en\/2025\/11\/noam-youth-giovani-protagonisti\/"},"author":{"name":"silvia-s","@id":"https:\/\/www.noamfestival.it\/en\/#\/schema\/person\/e7748f618f406038dada53edb6f6c18f"},"headline":"NOAM Youth: i giovani protagonisti di un nuovo sguardo sul cinema","datePublished":"2025-11-10T09:18:05+00:00","dateModified":"2025-12-30T09:23:29+00:00","mainEntityOfPage":{"@id":"https:\/\/www.noamfestival.it\/en\/2025\/11\/noam-youth-giovani-protagonisti\/"},"wordCount":463,"image":{"@id":"https:\/\/www.noamfestival.it\/en\/2025\/11\/noam-youth-giovani-protagonisti\/#primaryimage"},"thumbnailUrl":"https:\/\/www.noamfestival.it\/wp-content\/uploads\/2025\/12\/ANTEPRIMA-SITO-13.png","articleSection":["NOAM YOUTH"],"inLanguage":"en-US"},{"@type":"WebPage","@id":"https:\/\/www.noamfestival.it\/en\/2025\/11\/noam-youth-giovani-protagonisti\/","url":"https:\/\/www.noamfestival.it\/en\/2025\/11\/noam-youth-giovani-protagonisti\/","name":"NOAM Youth: i giovani protagonisti di un nuovo sguardo sul cinema - NOAM Festival","isPartOf":{"@id":"https:\/\/www.noamfestival.it\/en\/#website"},"primaryImageOfPage":{"@id":"https:\/\/www.noamfestival.it\/en\/2025\/11\/noam-youth-giovani-protagonisti\/#primaryimage"},"image":{"@id":"https:\/\/www.noamfestival.it\/en\/2025\/11\/noam-youth-giovani-protagonisti\/#primaryimage"},"thumbnailUrl":"https:\/\/www.noamfestival.it\/wp-content\/uploads\/2025\/12\/ANTEPRIMA-SITO-13.png","datePublished":"2025-11-10T09:18:05+00:00","dateModified":"2025-12-30T09:23:29+00:00","author":{"@id":"https:\/\/www.noamfestival.it\/en\/#\/schema\/person\/e7748f618f406038dada53edb6f6c18f"},"breadcrumb":{"@id":"https:\/\/www.noamfestival.it\/en\/2025\/11\/noam-youth-giovani-protagonisti\/#breadcrumb"},"inLanguage":"en-US","potentialAction":[{"@type":"ReadAction","target":["https:\/\/www.noamfestival.it\/en\/2025\/11\/noam-youth-giovani-protagonisti\/"]}]},{"@type":"ImageObject","inLanguage":"en-US","@id":"https:\/\/www.noamfestival.it\/en\/2025\/11\/noam-youth-giovani-protagonisti\/#primaryimage","url":"https:\/\/www.noamfestival.it\/wp-content\/uploads\/2025\/12\/ANTEPRIMA-SITO-13.png","contentUrl":"https:\/\/www.noamfestival.it\/wp-content\/uploads\/2025\/12\/ANTEPRIMA-SITO-13.png","width":1430,"height":1430},{"@type":"BreadcrumbList","@id":"https:\/\/www.noamfestival.it\/en\/2025\/11\/noam-youth-giovani-protagonisti\/#breadcrumb","itemListElement":[{"@type":"ListItem","position":1,"name":"Home","item":"https:\/\/www.noamfestival.it\/en\/noam-faenza-film-festival\/"},{"@type":"ListItem","position":2,"name":"NOAM Youth: i giovani protagonisti di un nuovo sguardo sul cinema"}]},{"@type":"WebSite","@id":"https:\/\/www.noamfestival.it\/en\/#website","url":"https:\/\/www.noamfestival.it\/en\/","name":"NOAM Festival","description":"NOAM Faenza Film Festival","potentialAction":[{"@type":"SearchAction","target":{"@type":"EntryPoint","urlTemplate":"https:\/\/www.noamfestival.it\/en\/?s={search_term_string}"},"query-input":{"@type":"PropertyValueSpecification","valueRequired":true,"valueName":"search_term_string"}}],"inLanguage":"en-US"},{"@type":"Person","@id":"https:\/\/www.noamfestival.it\/en\/#\/schema\/person\/e7748f618f406038dada53edb6f6c18f","name":"silvia-s"}]}},"_links":{"self":[{"href":"https:\/\/www.noamfestival.it\/en\/wp-json\/wp\/v2\/posts\/2221","targetHints":{"allow":["GET"]}}],"collection":[{"href":"https:\/\/www.noamfestival.it\/en\/wp-json\/wp\/v2\/posts"}],"about":[{"href":"https:\/\/www.noamfestival.it\/en\/wp-json\/wp\/v2\/types\/post"}],"author":[{"embeddable":true,"href":"https:\/\/www.noamfestival.it\/en\/wp-json\/wp\/v2\/users\/6"}],"replies":[{"embeddable":true,"href":"https:\/\/www.noamfestival.it\/en\/wp-json\/wp\/v2\/comments?post=2221"}],"version-history":[{"count":2,"href":"https:\/\/www.noamfestival.it\/en\/wp-json\/wp\/v2\/posts\/2221\/revisions"}],"predecessor-version":[{"id":2224,"href":"https:\/\/www.noamfestival.it\/en\/wp-json\/wp\/v2\/posts\/2221\/revisions\/2224"}],"wp:featuredmedia":[{"embeddable":true,"href":"https:\/\/www.noamfestival.it\/en\/wp-json\/wp\/v2\/media\/2222"}],"wp:attachment":[{"href":"https:\/\/www.noamfestival.it\/en\/wp-json\/wp\/v2\/media?parent=2221"}],"wp:term":[{"taxonomy":"category","embeddable":true,"href":"https:\/\/www.noamfestival.it\/en\/wp-json\/wp\/v2\/categories?post=2221"},{"taxonomy":"post_tag","embeddable":true,"href":"https:\/\/www.noamfestival.it\/en\/wp-json\/wp\/v2\/tags?post=2221"}],"curies":[{"name":"wp","href":"https:\/\/api.w.org\/{rel}","templated":true}]}}