{"id":2606,"date":"2026-09-01T13:44:21","date_gmt":"2026-09-01T11:44:21","guid":{"rendered":"https:\/\/www.noamfestival.it\/?p=2606"},"modified":"2026-09-01T13:47:14","modified_gmt":"2026-09-01T11:47:14","slug":"il-regista-messicano-alonso-ruizpalacios-al-noam-faenza-film-festival-2026-e-il-premio-alla-carriera-della-quarta-edizione","status":"publish","type":"post","link":"https:\/\/www.noamfestival.it\/fr\/2026\/09\/il-regista-messicano-alonso-ruizpalacios-al-noam-faenza-film-festival-2026-e-il-premio-alla-carriera-della-quarta-edizione\/","title":{"rendered":"Il regista messicano Alonso Ruizpalacios al NOAM Faenza Film Festival 2026: \u00e8 il Premio alla Carriera della quarta edizione"},"content":{"rendered":"<p>Il regista messicano <strong>Alonso Ruizpalacios al NOAM Faenza Film Festival 2026: \u00e8 il Premio alla Carriera della quarta edizione.<\/strong><br \/>\nIn coincidenza con il primo &#8220;Country in Focus&#8221; dedicato al Messico, il festival del cinema indipendente nordamericano NOAM di Faenza celebra uno degli autori pi\u00f9 originali della sua generazione con una retrospettiva completa dei suoi film, una masterclass e la premiazione, in programma domenica 15 novembre 2026.<\/p>\n<p>Il NOAM Faenza Film Festival annuncia con entusiasmo che il Premio alla Carriera della sua quarta edizione sar\u00e0 assegnato ad Alonso Ruizpalacios, regista e sceneggiatore messicano tra i pi\u00f9 acclamati e riconoscibili del cinema contemporaneo. La manifestazione, prima e unica in Italia interamente dedicata al cinema indipendente del Nord America (Stati Uniti, Canada e Messico), torner\u00e0 nelle sale della citt\u00e0 romagnola dall&#8217;11 al 15 novembre 2026, accogliendo come ogni anno registi, artisti e pubblico con proiezioni, anteprime e masterclass.<\/p>\n<p>La presenza di Ruizpalacios si lega in modo naturale alla grande novit\u00e0 dell&#8217;edizione 2026: il &#8220;Country in Focus&#8221;, un paese eletto a oggetto di approfondimento per l&#8217;intera edizione, che quest&#8217;anno \u00e8 stato individuato nel Messico. Dando particolare priorit\u00e0 ai film provenienti da quel paese, il festival intende restituire la ricchezza e la vitalit\u00e0 della sua cinematografia contemporanea, di cui Ruizpalacios \u00e8 oggi una delle figure di punta a livello internazionale.<\/p>\n<p>Durante i giorni del festival, all&#8217;autore sar\u00e0 dedicata una retrospettiva completa dei suoi film, che culminer\u00e0 con la masterclass e la cerimonia di premiazione di domenica 15 novembre 2026.<\/p>\n<p>Un autore tra cinema e teatro<br \/>\nAlonso Ruizpalacios (Citt\u00e0 del Messico, 11 settembre 1978) \u00e8 regista e sceneggiatore attivo tanto nel cinema quanto nel teatro. Formatosi in regia teatrale e recitazione al Foro Teatro Contempor\u00e1neo sotto la guida di Ludwik Margules, si \u00e8 poi diplomato alla Royal Academy of Dramatic Art (RADA) di Londra (1999-2002), primo messicano a conseguirvi il Bachelor of Arts in Acting. Ha esordito nel formato breve con <em>Caf\u00e9 Para\u00edso<\/em> (2008), premiato con l&#8217;Ariel, riconoscimento cui \u00e8 seguito un secondo Ariel per <em>El \u00faltimo canto del p\u00e1jaro c\u00fa<\/em> (2010).<\/p>\n<p>La sua filmografia comprende quattro lungometraggi, tutti passati per la Berlinale. Con l&#8217;opera prima <em>G\u00fceros<\/em> (2014), girata in bianco e nero, ha vinto il premio per la Miglior Opera Prima al Festival di Berlino 2014 e l&#8217;Audience Award al Festival di San Sebasti\u00e1n, per un totale di oltre quaranta riconoscimenti internazionali; il film ha inoltre conquistato cinque Premi Ariel (tra cui Miglior Film, Regia e Opera Prima) alla 57\u00aa edizione del massimo premio del cinema messicano. \u00c8 seguito <em>Museo<\/em> (Museo \u2013 Folle rapina a Citt\u00e0 del Messico) (2018), interpretato da Gael Garc\u00eda Bernal e ispirato al celebre furto al Museo Nazionale di Antropologia di Citt\u00e0 del Messico, che gli \u00e8 valso l&#8217;Orso d&#8217;Argento per la migliore sceneggiatura alla Berlinale 2018. Con <em>Una pel\u00edcula de polic\u00edas (A Cop Movie)<\/em> (2021), ibrido tra documentario e finzione sul sistema di polizia messicano, ha ottenuto l&#8217;Orso d&#8217;Argento per lo straordinario contributo artistico (montaggio) alla Berlinale 2021 e l&#8217;Ariel come miglior documentario. Il suo quarto film, <em>La cocina (Aragoste a Manhattan)<\/em> (2024), interpretato da Ra\u00fal Briones e Rooney Mara e ispirato alla pi\u00e8ce <em>The Kitchen<\/em> di Arnold Wesker, \u00e8 stato presentato in concorso alla Berlinale 2024.<\/p>\n<p>Il pubblico italiano ha potuto conoscere da vicino il suo cinema nel 2025: <em>La cocina (Aragoste a Manhattan)<\/em> \u00e8 uscito nelle sale italiane il 5 giugno 2025, distribuito da Teodora Film. Sul versante seriale, Ruizpalacios ha diretto alcuni episodi di <em>Narcos: Messico<\/em> e, pi\u00f9 di recente, gli ultimi tre episodi (10-12) della seconda e conclusiva stagione di <em>Andor<\/em>, la serie dell&#8217;universo di Star Wars, usciti in blocco su Disney+ il 13 maggio 2025.<\/p>\n<p><strong>La retrospettiva, la masterclass e la premiazione<\/strong><br \/>\nCome da tradizione del NOAM, il Premio alla Carriera si accompagna a una retrospettiva completa dedicata all&#8217;ospite d&#8217;onore, che consentir\u00e0 al pubblico faentino di riscoprire sul grande schermo l&#8217;intero percorso di Ruizpalacios, da G\u00fceros a La cocina (Aragoste a Manhattan). Il momento culminante sar\u00e0 domenica 15 novembre 2026, quando il regista terr\u00e0 una masterclass pensata appositamente per la manifestazione, cui seguir\u00e0 la cerimonia di premiazione. Come per tutti i riconoscimenti del festival, il premio consiste in un&#8217;opera in ceramica realizzata a mano dall&#8217;artista faentino Andrea Salvatori, secondo le tradizionali tecniche ceramiche che hanno reso Faenza celebre nel mondo.<\/p>\n<p>Nelle edizioni precedenti il Premio alla Carriera \u00e8 stato assegnato al regista italiano di stanza a Los Angeles Andrea Pallaoro (prima edizione, 2023), al regista statunitense Tim Sutton (seconda edizione, 2024) e alla regista newyorkese Eliza Hittman, Orso d&#8217;Argento a Berlino 2020 (terza edizione, 2025).<\/p>\n<p><strong>Il festival<\/strong><\/p>\n<p>Il NOAM Faenza Film Festival \u00e8 la prima e unica manifestazione in Italia interamente dedicata alla promozione del cinema e della cultura del Nord America \u2013 Stati Uniti, Canada e Messico \u2013 con particolare attenzione alla produzione indipendente. Il nome NOAM \u00e8 l&#8217;abbreviazione di NOrd AMerica. La rassegna, giunta nel 2026 alla quarta edizione, \u00e8 organizzata dall&#8217;associazione non profit Filmeeting APS, il cui staff \u00e8 composto da giovani uniti dalla passione per il cinema; la direzione artistica \u00e8 affidata ad Andrea Valmori e quella organizzativa a Gian Marco Magnani, con Marco Lovisato responsabile della programmazione. Il festival articola la propria programmazione in pi\u00f9 sezioni \u2013 tra cui NOAM Concorso, NOAM Extra, NOAM Classic, NOAM Special (dedicata a retrospettive e tributi, incluso il Premio alla Carriera), NOAM Anteprima e le competizioni per cortometraggi NOAM Lab \u2013 e affianca alle proiezioni incontri, masterclass ed eventi speciali, coinvolgendo sale e spazi culturali della citt\u00e0 e del territorio dell&#8217;Emilia-Romagna. Nelle edizioni precedenti la manifestazione ha goduto del patrocinio e del sostegno di istituzioni e partner del territorio.<\/p>\n","protected":false},"excerpt":{"rendered":"<p>Il regista messicano Alonso Ruizpalacios al NOAM Faenza Film Festival  [&#8230;]<\/p>\n","protected":false},"author":6,"featured_media":2607,"comment_status":"closed","ping_status":"closed","sticky":false,"template":"","format":"standard","meta":{"_acf_changed":false,"footnotes":""},"categories":[82],"tags":[],"class_list":["post-2606","post","type-post","status-publish","format-standard","has-post-thumbnail","hentry","category-noam-2026"],"acf":[],"yoast_head":"<!-- This site is optimized with the Yoast SEO plugin v28.4 - https:\/\/yoast.com\/product\/yoast-seo-wordpress\/ -->\n<title>Il regista messicano Alonso Ruizpalacios al NOAM Faenza Film Festival 2026: \u00e8 il Premio alla Carriera della quarta edizione - NOAM Festival<\/title>\n<meta name=\"robots\" content=\"index, follow, max-snippet:-1, max-image-preview:large, max-video-preview:-1\" \/>\n<link rel=\"canonical\" href=\"https:\/\/www.noamfestival.it\/fr\/2026\/09\/il-regista-messicano-alonso-ruizpalacios-al-noam-faenza-film-festival-2026-e-il-premio-alla-carriera-della-quarta-edizione\/\" \/>\n<meta property=\"og:locale\" content=\"fr_CA\" \/>\n<meta property=\"og:type\" content=\"article\" \/>\n<meta property=\"og:title\" content=\"Il regista messicano Alonso Ruizpalacios al NOAM Faenza Film Festival 2026: \u00e8 il Premio alla Carriera della quarta edizione - NOAM Festival\" \/>\n<meta property=\"og:description\" content=\"Il regista messicano Alonso Ruizpalacios al NOAM Faenza Film Festival [...]\" \/>\n<meta property=\"og:url\" content=\"https:\/\/www.noamfestival.it\/fr\/2026\/09\/il-regista-messicano-alonso-ruizpalacios-al-noam-faenza-film-festival-2026-e-il-premio-alla-carriera-della-quarta-edizione\/\" \/>\n<meta property=\"og:site_name\" content=\"NOAM Festival\" \/>\n<meta property=\"article:publisher\" content=\"https:\/\/www.facebook.com\/filmeeting\" \/>\n<meta property=\"article:published_time\" content=\"2026-09-01T11:44:21+00:00\" \/>\n<meta property=\"article:modified_time\" content=\"2026-09-01T11:47:14+00:00\" \/>\n<meta property=\"og:image\" content=\"https:\/\/www.noamfestival.it\/wp-content\/uploads\/2026\/09\/ANTEPRIMA-SITO-noam-2025-7.png\" \/>\n\t<meta property=\"og:image:width\" content=\"953\" \/>\n\t<meta property=\"og:image:height\" content=\"953\" \/>\n\t<meta property=\"og:image:type\" content=\"image\/png\" \/>\n<meta name=\"author\" content=\"silvia-s\" \/>\n<meta name=\"twitter:card\" content=\"summary_large_image\" \/>\n<meta name=\"twitter:label1\" content=\"\u00c9crit par\" \/>\n\t<meta name=\"twitter:data1\" content=\"silvia-s\" \/>\n\t<meta name=\"twitter:label2\" content=\"Estimation du temps de lecture\" \/>\n\t<meta name=\"twitter:data2\" content=\"4 minutes\" \/>\n<script type=\"application\/ld+json\" class=\"yoast-schema-graph\">{\"@context\":\"https:\\\/\\\/schema.org\",\"@graph\":[{\"@type\":\"Article\",\"@id\":\"https:\\\/\\\/www.noamfestival.it\\\/fr\\\/2026\\\/09\\\/il-regista-messicano-alonso-ruizpalacios-al-noam-faenza-film-festival-2026-e-il-premio-alla-carriera-della-quarta-edizione\\\/#article\",\"isPartOf\":{\"@id\":\"https:\\\/\\\/www.noamfestival.it\\\/fr\\\/2026\\\/09\\\/il-regista-messicano-alonso-ruizpalacios-al-noam-faenza-film-festival-2026-e-il-premio-alla-carriera-della-quarta-edizione\\\/\"},\"author\":{\"name\":\"silvia-s\",\"@id\":\"https:\\\/\\\/www.noamfestival.it\\\/fr\\\/#\\\/schema\\\/person\\\/e7748f618f406038dada53edb6f6c18f\"},\"headline\":\"Il regista messicano Alonso Ruizpalacios al NOAM Faenza Film Festival 2026: \u00e8 il Premio alla Carriera della quarta edizione\",\"datePublished\":\"2026-09-01T11:44:21+00:00\",\"dateModified\":\"2026-09-01T11:47:14+00:00\",\"mainEntityOfPage\":{\"@id\":\"https:\\\/\\\/www.noamfestival.it\\\/fr\\\/2026\\\/09\\\/il-regista-messicano-alonso-ruizpalacios-al-noam-faenza-film-festival-2026-e-il-premio-alla-carriera-della-quarta-edizione\\\/\"},\"wordCount\":921,\"image\":{\"@id\":\"https:\\\/\\\/www.noamfestival.it\\\/fr\\\/2026\\\/09\\\/il-regista-messicano-alonso-ruizpalacios-al-noam-faenza-film-festival-2026-e-il-premio-alla-carriera-della-quarta-edizione\\\/#primaryimage\"},\"thumbnailUrl\":\"https:\\\/\\\/www.noamfestival.it\\\/wp-content\\\/uploads\\\/2026\\\/09\\\/ANTEPRIMA-SITO-noam-2025-7.png\",\"articleSection\":[\"NOAM 2026\"],\"inLanguage\":\"fr-CA\"},{\"@type\":\"WebPage\",\"@id\":\"https:\\\/\\\/www.noamfestival.it\\\/fr\\\/2026\\\/09\\\/il-regista-messicano-alonso-ruizpalacios-al-noam-faenza-film-festival-2026-e-il-premio-alla-carriera-della-quarta-edizione\\\/\",\"url\":\"https:\\\/\\\/www.noamfestival.it\\\/fr\\\/2026\\\/09\\\/il-regista-messicano-alonso-ruizpalacios-al-noam-faenza-film-festival-2026-e-il-premio-alla-carriera-della-quarta-edizione\\\/\",\"name\":\"Il regista messicano Alonso Ruizpalacios al NOAM Faenza Film Festival 2026: \u00e8 il Premio alla Carriera della quarta edizione - NOAM Festival\",\"isPartOf\":{\"@id\":\"https:\\\/\\\/www.noamfestival.it\\\/fr\\\/#website\"},\"primaryImageOfPage\":{\"@id\":\"https:\\\/\\\/www.noamfestival.it\\\/fr\\\/2026\\\/09\\\/il-regista-messicano-alonso-ruizpalacios-al-noam-faenza-film-festival-2026-e-il-premio-alla-carriera-della-quarta-edizione\\\/#primaryimage\"},\"image\":{\"@id\":\"https:\\\/\\\/www.noamfestival.it\\\/fr\\\/2026\\\/09\\\/il-regista-messicano-alonso-ruizpalacios-al-noam-faenza-film-festival-2026-e-il-premio-alla-carriera-della-quarta-edizione\\\/#primaryimage\"},\"thumbnailUrl\":\"https:\\\/\\\/www.noamfestival.it\\\/wp-content\\\/uploads\\\/2026\\\/09\\\/ANTEPRIMA-SITO-noam-2025-7.png\",\"datePublished\":\"2026-09-01T11:44:21+00:00\",\"dateModified\":\"2026-09-01T11:47:14+00:00\",\"author\":{\"@id\":\"https:\\\/\\\/www.noamfestival.it\\\/fr\\\/#\\\/schema\\\/person\\\/e7748f618f406038dada53edb6f6c18f\"},\"breadcrumb\":{\"@id\":\"https:\\\/\\\/www.noamfestival.it\\\/fr\\\/2026\\\/09\\\/il-regista-messicano-alonso-ruizpalacios-al-noam-faenza-film-festival-2026-e-il-premio-alla-carriera-della-quarta-edizione\\\/#breadcrumb\"},\"inLanguage\":\"fr-CA\",\"potentialAction\":[{\"@type\":\"ReadAction\",\"target\":[\"https:\\\/\\\/www.noamfestival.it\\\/fr\\\/2026\\\/09\\\/il-regista-messicano-alonso-ruizpalacios-al-noam-faenza-film-festival-2026-e-il-premio-alla-carriera-della-quarta-edizione\\\/\"]}]},{\"@type\":\"ImageObject\",\"inLanguage\":\"fr-CA\",\"@id\":\"https:\\\/\\\/www.noamfestival.it\\\/fr\\\/2026\\\/09\\\/il-regista-messicano-alonso-ruizpalacios-al-noam-faenza-film-festival-2026-e-il-premio-alla-carriera-della-quarta-edizione\\\/#primaryimage\",\"url\":\"https:\\\/\\\/www.noamfestival.it\\\/wp-content\\\/uploads\\\/2026\\\/09\\\/ANTEPRIMA-SITO-noam-2025-7.png\",\"contentUrl\":\"https:\\\/\\\/www.noamfestival.it\\\/wp-content\\\/uploads\\\/2026\\\/09\\\/ANTEPRIMA-SITO-noam-2025-7.png\",\"width\":953,\"height\":953},{\"@type\":\"BreadcrumbList\",\"@id\":\"https:\\\/\\\/www.noamfestival.it\\\/fr\\\/2026\\\/09\\\/il-regista-messicano-alonso-ruizpalacios-al-noam-faenza-film-festival-2026-e-il-premio-alla-carriera-della-quarta-edizione\\\/#breadcrumb\",\"itemListElement\":[{\"@type\":\"ListItem\",\"position\":1,\"name\":\"Home\",\"item\":\"https:\\\/\\\/www.noamfestival.it\\\/fr\\\/noam-faenza-film-festival\\\/\"},{\"@type\":\"ListItem\",\"position\":2,\"name\":\"Il regista messicano Alonso Ruizpalacios al NOAM Faenza Film Festival 2026: \u00e8 il Premio alla Carriera della quarta edizione\"}]},{\"@type\":\"WebSite\",\"@id\":\"https:\\\/\\\/www.noamfestival.it\\\/fr\\\/#website\",\"url\":\"https:\\\/\\\/www.noamfestival.it\\\/fr\\\/\",\"name\":\"NOAM Festival\",\"description\":\"NOAM Faenza Film Festival\",\"potentialAction\":[{\"@type\":\"SearchAction\",\"target\":{\"@type\":\"EntryPoint\",\"urlTemplate\":\"https:\\\/\\\/www.noamfestival.it\\\/fr\\\/?s={search_term_string}\"},\"query-input\":{\"@type\":\"PropertyValueSpecification\",\"valueRequired\":true,\"valueName\":\"search_term_string\"}}],\"inLanguage\":\"fr-CA\"},{\"@type\":\"Person\",\"@id\":\"https:\\\/\\\/www.noamfestival.it\\\/fr\\\/#\\\/schema\\\/person\\\/e7748f618f406038dada53edb6f6c18f\",\"name\":\"silvia-s\"}]}<\/script>\n<!-- \/ Yoast SEO plugin. -->","yoast_head_json":{"title":"Il regista messicano Alonso Ruizpalacios al NOAM Faenza Film Festival 2026: \u00e8 il Premio alla Carriera della quarta edizione - NOAM Festival","robots":{"index":"index","follow":"follow","max-snippet":"max-snippet:-1","max-image-preview":"max-image-preview:large","max-video-preview":"max-video-preview:-1"},"canonical":"https:\/\/www.noamfestival.it\/fr\/2026\/09\/il-regista-messicano-alonso-ruizpalacios-al-noam-faenza-film-festival-2026-e-il-premio-alla-carriera-della-quarta-edizione\/","og_locale":"fr_CA","og_type":"article","og_title":"Il regista messicano Alonso Ruizpalacios al NOAM Faenza Film Festival 2026: \u00e8 il Premio alla Carriera della quarta edizione - NOAM Festival","og_description":"Il regista messicano Alonso Ruizpalacios al NOAM Faenza Film Festival [...]","og_url":"https:\/\/www.noamfestival.it\/fr\/2026\/09\/il-regista-messicano-alonso-ruizpalacios-al-noam-faenza-film-festival-2026-e-il-premio-alla-carriera-della-quarta-edizione\/","og_site_name":"NOAM Festival","article_publisher":"https:\/\/www.facebook.com\/filmeeting","article_published_time":"2026-09-01T11:44:21+00:00","article_modified_time":"2026-09-01T11:47:14+00:00","og_image":[{"width":953,"height":953,"url":"https:\/\/www.noamfestival.it\/wp-content\/uploads\/2026\/09\/ANTEPRIMA-SITO-noam-2025-7.png","type":"image\/png"}],"author":"silvia-s","twitter_card":"summary_large_image","twitter_misc":{"\u00c9crit par":"silvia-s","Estimation du temps de lecture":"4 minutes"},"schema":{"@context":"https:\/\/schema.org","@graph":[{"@type":"Article","@id":"https:\/\/www.noamfestival.it\/fr\/2026\/09\/il-regista-messicano-alonso-ruizpalacios-al-noam-faenza-film-festival-2026-e-il-premio-alla-carriera-della-quarta-edizione\/#article","isPartOf":{"@id":"https:\/\/www.noamfestival.it\/fr\/2026\/09\/il-regista-messicano-alonso-ruizpalacios-al-noam-faenza-film-festival-2026-e-il-premio-alla-carriera-della-quarta-edizione\/"},"author":{"name":"silvia-s","@id":"https:\/\/www.noamfestival.it\/fr\/#\/schema\/person\/e7748f618f406038dada53edb6f6c18f"},"headline":"Il regista messicano Alonso Ruizpalacios al NOAM Faenza Film Festival 2026: \u00e8 il Premio alla Carriera della quarta edizione","datePublished":"2026-09-01T11:44:21+00:00","dateModified":"2026-09-01T11:47:14+00:00","mainEntityOfPage":{"@id":"https:\/\/www.noamfestival.it\/fr\/2026\/09\/il-regista-messicano-alonso-ruizpalacios-al-noam-faenza-film-festival-2026-e-il-premio-alla-carriera-della-quarta-edizione\/"},"wordCount":921,"image":{"@id":"https:\/\/www.noamfestival.it\/fr\/2026\/09\/il-regista-messicano-alonso-ruizpalacios-al-noam-faenza-film-festival-2026-e-il-premio-alla-carriera-della-quarta-edizione\/#primaryimage"},"thumbnailUrl":"https:\/\/www.noamfestival.it\/wp-content\/uploads\/2026\/09\/ANTEPRIMA-SITO-noam-2025-7.png","articleSection":["NOAM 2026"],"inLanguage":"fr-CA"},{"@type":"WebPage","@id":"https:\/\/www.noamfestival.it\/fr\/2026\/09\/il-regista-messicano-alonso-ruizpalacios-al-noam-faenza-film-festival-2026-e-il-premio-alla-carriera-della-quarta-edizione\/","url":"https:\/\/www.noamfestival.it\/fr\/2026\/09\/il-regista-messicano-alonso-ruizpalacios-al-noam-faenza-film-festival-2026-e-il-premio-alla-carriera-della-quarta-edizione\/","name":"Il regista messicano Alonso Ruizpalacios al NOAM Faenza Film Festival 2026: \u00e8 il Premio alla Carriera della quarta edizione - NOAM Festival","isPartOf":{"@id":"https:\/\/www.noamfestival.it\/fr\/#website"},"primaryImageOfPage":{"@id":"https:\/\/www.noamfestival.it\/fr\/2026\/09\/il-regista-messicano-alonso-ruizpalacios-al-noam-faenza-film-festival-2026-e-il-premio-alla-carriera-della-quarta-edizione\/#primaryimage"},"image":{"@id":"https:\/\/www.noamfestival.it\/fr\/2026\/09\/il-regista-messicano-alonso-ruizpalacios-al-noam-faenza-film-festival-2026-e-il-premio-alla-carriera-della-quarta-edizione\/#primaryimage"},"thumbnailUrl":"https:\/\/www.noamfestival.it\/wp-content\/uploads\/2026\/09\/ANTEPRIMA-SITO-noam-2025-7.png","datePublished":"2026-09-01T11:44:21+00:00","dateModified":"2026-09-01T11:47:14+00:00","author":{"@id":"https:\/\/www.noamfestival.it\/fr\/#\/schema\/person\/e7748f618f406038dada53edb6f6c18f"},"breadcrumb":{"@id":"https:\/\/www.noamfestival.it\/fr\/2026\/09\/il-regista-messicano-alonso-ruizpalacios-al-noam-faenza-film-festival-2026-e-il-premio-alla-carriera-della-quarta-edizione\/#breadcrumb"},"inLanguage":"fr-CA","potentialAction":[{"@type":"ReadAction","target":["https:\/\/www.noamfestival.it\/fr\/2026\/09\/il-regista-messicano-alonso-ruizpalacios-al-noam-faenza-film-festival-2026-e-il-premio-alla-carriera-della-quarta-edizione\/"]}]},{"@type":"ImageObject","inLanguage":"fr-CA","@id":"https:\/\/www.noamfestival.it\/fr\/2026\/09\/il-regista-messicano-alonso-ruizpalacios-al-noam-faenza-film-festival-2026-e-il-premio-alla-carriera-della-quarta-edizione\/#primaryimage","url":"https:\/\/www.noamfestival.it\/wp-content\/uploads\/2026\/09\/ANTEPRIMA-SITO-noam-2025-7.png","contentUrl":"https:\/\/www.noamfestival.it\/wp-content\/uploads\/2026\/09\/ANTEPRIMA-SITO-noam-2025-7.png","width":953,"height":953},{"@type":"BreadcrumbList","@id":"https:\/\/www.noamfestival.it\/fr\/2026\/09\/il-regista-messicano-alonso-ruizpalacios-al-noam-faenza-film-festival-2026-e-il-premio-alla-carriera-della-quarta-edizione\/#breadcrumb","itemListElement":[{"@type":"ListItem","position":1,"name":"Home","item":"https:\/\/www.noamfestival.it\/fr\/noam-faenza-film-festival\/"},{"@type":"ListItem","position":2,"name":"Il regista messicano Alonso Ruizpalacios al NOAM Faenza Film Festival 2026: \u00e8 il Premio alla Carriera della quarta edizione"}]},{"@type":"WebSite","@id":"https:\/\/www.noamfestival.it\/fr\/#website","url":"https:\/\/www.noamfestival.it\/fr\/","name":"NOAM Festival","description":"NOAM Faenza Film Festival","potentialAction":[{"@type":"SearchAction","target":{"@type":"EntryPoint","urlTemplate":"https:\/\/www.noamfestival.it\/fr\/?s={search_term_string}"},"query-input":{"@type":"PropertyValueSpecification","valueRequired":true,"valueName":"search_term_string"}}],"inLanguage":"fr-CA"},{"@type":"Person","@id":"https:\/\/www.noamfestival.it\/fr\/#\/schema\/person\/e7748f618f406038dada53edb6f6c18f","name":"silvia-s"}]}},"_links":{"self":[{"href":"https:\/\/www.noamfestival.it\/fr\/wp-json\/wp\/v2\/posts\/2606","targetHints":{"allow":["GET"]}}],"collection":[{"href":"https:\/\/www.noamfestival.it\/fr\/wp-json\/wp\/v2\/posts"}],"about":[{"href":"https:\/\/www.noamfestival.it\/fr\/wp-json\/wp\/v2\/types\/post"}],"author":[{"embeddable":true,"href":"https:\/\/www.noamfestival.it\/fr\/wp-json\/wp\/v2\/users\/6"}],"replies":[{"embeddable":true,"href":"https:\/\/www.noamfestival.it\/fr\/wp-json\/wp\/v2\/comments?post=2606"}],"version-history":[{"count":3,"href":"https:\/\/www.noamfestival.it\/fr\/wp-json\/wp\/v2\/posts\/2606\/revisions"}],"predecessor-version":[{"id":2610,"href":"https:\/\/www.noamfestival.it\/fr\/wp-json\/wp\/v2\/posts\/2606\/revisions\/2610"}],"wp:featuredmedia":[{"embeddable":true,"href":"https:\/\/www.noamfestival.it\/fr\/wp-json\/wp\/v2\/media\/2607"}],"wp:attachment":[{"href":"https:\/\/www.noamfestival.it\/fr\/wp-json\/wp\/v2\/media?parent=2606"}],"wp:term":[{"taxonomy":"category","embeddable":true,"href":"https:\/\/www.noamfestival.it\/fr\/wp-json\/wp\/v2\/categories?post=2606"},{"taxonomy":"post_tag","embeddable":true,"href":"https:\/\/www.noamfestival.it\/fr\/wp-json\/wp\/v2\/tags?post=2606"}],"curies":[{"name":"wp","href":"https:\/\/api.w.org\/{rel}","templated":true}]}}